[{"command":"insert","method":"before","selector":"#wrapper-more","data":"\u003Cdiv class=\u0022container\u0022\u003E\n    \u003Cdiv class=\u0022row pushs\u0022\u003E\n                    \u003Cdiv class=\u0022col-12 col-sm-6 col-md-4 col-lg-3\u0022\u003E\u003Cdiv class=\u0022objet-touristique teaserintuitiv entity-content new-teaser click-block\u0022 data-id=\u0022ASCBRE056V503FT4\u0022 data-title=\u0022Marianimaux - Ferme P\u00e9dagogique\u0022 data-id-intuitiv=\u0022sit-ASCBRE056V503FT4\u0022 data-categorie-id=\u0022listing-2\u0022 data-insee=\u002256119\u0022 data-url=\u0022https:\/\/www.baiedequiberon.co.uk\/to-see-to-do\/nature-tours\/marianimaux-educational-farm\u0022\u003E\n    \n    \n    \u003Cdiv class=\u0022content\u0022\u003E\n        \u003Cdiv class=\u0022content-image\u0022\u003E\n            \u003Cdiv class=\u0022image\u0022\u003E\n                    \u003Cpicture\u003E\n                  \u003Csource srcset=\u0022\/sites\/default\/files\/styles\/370x240\/public\/sit\/images\/ASCBRE056V503FT4\/20240628-175935-2-2.jpg?h=a2b7f8c1\u0026amp;itok=X2YuvBg6 1x\u0022 media=\u0022(min-width: 992px)\u0022 type=\u0022image\/jpeg\u0022 width=\u0022370\u0022 height=\u0022240\u0022\/\u003E\n              \u003Csource srcset=\u0022\/sites\/default\/files\/styles\/232x170\/public\/sit\/images\/ASCBRE056V503FT4\/20240628-175935-2-2.jpg?h=a2b7f8c1\u0026amp;itok=KdNZtrP6 1x\u0022 media=\u0022(min-width: 0)\u0022 type=\u0022image\/jpeg\u0022 width=\u0022232\u0022 height=\u0022170\u0022\/\u003E\n                  \u003Cimg loading=\u0022eager\u0022 width=\u0022232\u0022 height=\u0022170\u0022 src=\u0022\/sites\/default\/files\/styles\/232x170\/public\/sit\/images\/ASCBRE056V503FT4\/20240628-175935-2-2.jpg?h=a2b7f8c1\u0026amp;itok=KdNZtrP6\u0022 alt=\u002220240628-175935-2\u0022 title=\u002220240628-175935-2\u0022 \/\u003E\n\n  \u003C\/picture\u003E\n\n\n                            \u003C\/div\u003E\n                            \u003Cdiv class=\u0022categorie-parent\u0022\u003EFor children\u003C\/div\u003E\n                    \u003C\/div\u003E\n        \u003Cdiv class=\u0022content-text\u0022\u003E\n            \u003Cdiv class=\u0022content-lieu\u0022\u003Ein Locoal-Mendon\u003C\/div\u003E\n            \u003Cdiv class=\u0022title-teaser\u0022\u003E\u003Ca href=\u0022https:\/\/www.baiedequiberon.co.uk\/to-see-to-do\/nature-tours\/marianimaux-educational-farm\u0022 title=\u0022Marianimaux - Educational farm\u0022\u003EMarianimaux - Educational farm\u003C\/a\u003E\u003C\/div\u003E\n                                \u003C\/div\u003E\n    \u003C\/div\u003E\n\u003C\/div\u003E\n\u003C\/div\u003E\n                    \u003Cdiv class=\u0022col-12 col-sm-6 col-md-4 col-lg-3\u0022\u003E\u003Cdiv class=\u0022objet-touristique teaserintuitiv entity-content new-teaser click-block\u0022 data-id=\u0022ASCBRE056V50D5UG\u0022 data-title=\u0022Cidrerie Pays d\u0026#039;Auray\u0022 data-id-intuitiv=\u0022sit-ASCBRE056V50D5UG\u0022 data-categorie-id=\u0022listing-29\u0022 data-insee=\u002256119\u0022 data-url=\u0022https:\/\/www.baiedequiberon.co.uk\/preparing-your-stay-in-quiberon-bay\/where-to-eat\/gourmet-tours\/cidrerie-pays-d-auray\u0022\u003E\n    \n    \n    \u003Cdiv class=\u0022content\u0022\u003E\n        \u003Cdiv class=\u0022content-image\u0022\u003E\n            \u003Cdiv class=\u0022image\u0022\u003E\n                    \u003Cpicture\u003E\n                  \u003Csource srcset=\u0022\/sites\/default\/files\/styles\/370x240\/public\/sit\/images\/ASCBRE056V50D5UG\/DSCF7671-copie.jpg?h=2e3693f5\u0026amp;itok=0NTBKuxZ 1x\u0022 media=\u0022(min-width: 992px)\u0022 type=\u0022image\/jpeg\u0022 width=\u0022370\u0022 height=\u0022240\u0022\/\u003E\n              \u003Csource srcset=\u0022\/sites\/default\/files\/styles\/232x170\/public\/sit\/images\/ASCBRE056V50D5UG\/DSCF7671-copie.jpg?h=2e3693f5\u0026amp;itok=EX014kaX 1x\u0022 media=\u0022(min-width: 0)\u0022 type=\u0022image\/jpeg\u0022 width=\u0022232\u0022 height=\u0022170\u0022\/\u003E\n                  \u003Cimg loading=\u0022eager\u0022 width=\u0022232\u0022 height=\u0022170\u0022 src=\u0022\/sites\/default\/files\/styles\/232x170\/public\/sit\/images\/ASCBRE056V50D5UG\/DSCF7671-copie.jpg?h=2e3693f5\u0026amp;itok=EX014kaX\u0022 alt=\u0022DSCF7671_copie\u0022 title=\u0022DSCF7671_copie\u0022 \/\u003E\n\n  \u003C\/picture\u003E\n\n\n                            \u003C\/div\u003E\n                            \u003Cdiv class=\u0022categorie-parent\u0022\u003EGourmet tours\u003C\/div\u003E\n                    \u003C\/div\u003E\n        \u003Cdiv class=\u0022content-text\u0022\u003E\n            \u003Cdiv class=\u0022content-lieu\u0022\u003Ein Locoal-Mendon\u003C\/div\u003E\n            \u003Cdiv class=\u0022title-teaser\u0022\u003E\u003Ca href=\u0022https:\/\/www.baiedequiberon.co.uk\/preparing-your-stay-in-quiberon-bay\/where-to-eat\/gourmet-tours\/cidrerie-pays-d-auray\u0022 title=\u0022Cidrerie Pays d\u0026#039;Auray\u0022\u003ECidrerie Pays d\u0026#039;Auray\u003C\/a\u003E\u003C\/div\u003E\n                                        \u003Cdiv class=\u0022info-complementaire\u0022\u003EFrom \u003Cspan class=\u0022value\u0022\u003E8\u20ac\u003C\/span\u003E\u003Cspan class=\u0022libelle-value\u0022\u003E \/ pers.\u003C\/span\u003E\u003C\/div\u003E\n                    \u003C\/div\u003E\n    \u003C\/div\u003E\n\u003C\/div\u003E\n\u003C\/div\u003E\n                    \u003Cdiv class=\u0022col-12 col-sm-6 col-md-4 col-lg-3\u0022\u003E\u003Cdiv class=\u0022objet-touristique teaserintuitiv entity-content new-teaser click-block\u0022 data-id=\u0022HLO49c4f23016cc4\u0022 data-title=\u0022La Petite Presqu\u0026#039;\u00eele\u0022 data-id-intuitiv=\u0022sit-HLO49c4f23016cc4\u0022 data-categorie-id=\u0022listing-14\u0022 data-insee=\u002256119\u0022 data-url=\u0022https:\/\/www.baiedequiberon.co.uk\/preparing-your-stay-in-quiberon-bay\/where-to-spend-the-night\/group-and-unusual-accomodation\/la-petite-presqu-ile\u0022\u003E\n    \n    \n    \u003Cdiv class=\u0022content\u0022\u003E\n        \u003Cdiv class=\u0022content-image\u0022\u003E\n            \u003Cdiv class=\u0022image\u0022\u003E\n                    \u003Cpicture\u003E\n                  \u003Csource srcset=\u0022\/sites\/default\/files\/styles\/370x240\/public\/sit\/images\/HLO49c4f23016cc4\/chemin-accessible-jusqu-27-c3-a0-la-ria-d-27etel.jpg?h=ddb1ad0c\u0026amp;itok=nUFt5kaK 1x\u0022 media=\u0022(min-width: 992px)\u0022 type=\u0022image\/jpeg\u0022 width=\u0022370\u0022 height=\u0022240\u0022\/\u003E\n              \u003Csource srcset=\u0022\/sites\/default\/files\/styles\/232x170\/public\/sit\/images\/HLO49c4f23016cc4\/chemin-accessible-jusqu-27-c3-a0-la-ria-d-27etel.jpg?h=ddb1ad0c\u0026amp;itok=vLIds8O4 1x\u0022 media=\u0022(min-width: 0)\u0022 type=\u0022image\/jpeg\u0022 width=\u0022232\u0022 height=\u0022170\u0022\/\u003E\n                  \u003Cimg loading=\u0022eager\u0022 width=\u0022232\u0022 height=\u0022170\u0022 src=\u0022\/sites\/default\/files\/styles\/232x170\/public\/sit\/images\/HLO49c4f23016cc4\/chemin-accessible-jusqu-27-c3-a0-la-ria-d-27etel.jpg?h=ddb1ad0c\u0026amp;itok=vLIds8O4\u0022 alt=\u0022Vue du jardin et acc\u00e8s \u00e0 la Ria d\u0026#039;Etel\u0022 title=\u0022Vue du jardin et acc\u00e8s \u00e0 la Ria d\u0026#039;Etel\u0022 \/\u003E\n\n  \u003C\/picture\u003E\n\n\n                            \u003C\/div\u003E\n                            \u003Cdiv class=\u0022categorie-parent\u0022\u003EGroup and unusual accomodation\u003C\/div\u003E\n                    \u003C\/div\u003E\n        \u003Cdiv class=\u0022content-text\u0022\u003E\n            \u003Cdiv class=\u0022content-lieu\u0022\u003Ein Locoal-Mendon\u003C\/div\u003E\n            \u003Cdiv class=\u0022title-teaser\u0022\u003E\u003Ca href=\u0022https:\/\/www.baiedequiberon.co.uk\/preparing-your-stay-in-quiberon-bay\/where-to-spend-the-night\/group-and-unusual-accomodation\/la-petite-presqu-ile\u0022 title=\u0022La Petite Presqu\u0026#039;\u00eele\u0022\u003ELa Petite Presqu\u0026#039;\u00eele\u003C\/a\u003E\u003C\/div\u003E\n                                \u003C\/div\u003E\n    \u003C\/div\u003E\n\u003C\/div\u003E\n\u003C\/div\u003E\n                    \u003Cdiv class=\u0022col-12 col-sm-6 col-md-4 col-lg-3\u0022\u003E\u003Cdiv class=\u0022objet-touristique teaserintuitiv entity-content new-teaser click-block\u0022 data-id=\u0022FMABRE056V50DPL8\u0022 data-title=\u0022Atelier d\u00e9couverte sensorielle\u0022 data-id-intuitiv=\u0022sit-FMABRE056V50DPL8\u0022 data-categorie-id=\u0022listing-4\u0022 data-insee=\u002256119\u0022 data-url=\u0022https:\/\/www.baiedequiberon.co.uk\/to-see-to-do\/agenda\/sensory-discovery-workshop-5\u0022\u003E\n    \n    \n    \u003Cdiv class=\u0022content\u0022\u003E\n        \u003Cdiv class=\u0022content-image\u0022\u003E\n            \u003Cdiv class=\u0022image\u0022\u003E\n                    \u003Cpicture\u003E\n                  \u003Csource srcset=\u0022\/sites\/default\/files\/styles\/370x240\/public\/sit\/images\/FMABRE056V50DPL8\/20230929-153115-9.jpg?h=a2b7f8c1\u0026amp;itok=Y7zPdM49 1x\u0022 media=\u0022(min-width: 992px)\u0022 type=\u0022image\/jpeg\u0022 width=\u0022370\u0022 height=\u0022240\u0022\/\u003E\n              \u003Csource srcset=\u0022\/sites\/default\/files\/styles\/232x170\/public\/sit\/images\/FMABRE056V50DPL8\/20230929-153115-9.jpg?h=a2b7f8c1\u0026amp;itok=UMOpw0KC 1x\u0022 media=\u0022(min-width: 0)\u0022 type=\u0022image\/jpeg\u0022 width=\u0022232\u0022 height=\u0022170\u0022\/\u003E\n                  \u003Cimg loading=\u0022eager\u0022 width=\u0022232\u0022 height=\u0022170\u0022 src=\u0022\/sites\/default\/files\/styles\/232x170\/public\/sit\/images\/FMABRE056V50DPL8\/20230929-153115-9.jpg?h=a2b7f8c1\u0026amp;itok=UMOpw0KC\u0022 alt=\u0022Marianimaux\u0022 title=\u0022Marianimaux\u0022 \/\u003E\n\n  \u003C\/picture\u003E\n\n\n                            \u003C\/div\u003E\n                            \u003Cdiv class=\u0022categorie-parent\u0022\u003EAgenda\u003C\/div\u003E\n                    \u003C\/div\u003E\n        \u003Cdiv class=\u0022content-text\u0022\u003E\n            \u003Cdiv class=\u0022content-lieu\u0022\u003Ein Locoal-Mendon\u003C\/div\u003E\n            \u003Cdiv class=\u0022title-teaser\u0022\u003E\u003Ca href=\u0022https:\/\/www.baiedequiberon.co.uk\/to-see-to-do\/agenda\/sensory-discovery-workshop-5\u0022 title=\u0022Sensory discovery workshop\u0022\u003ESensory discovery workshop\u003C\/a\u003E\u003C\/div\u003E\n                            \u003Cdiv class=\u0022info-complementaire\u0022\u003EFrom  \u003Cspan class=\u0022value\u0022\u003E04\/05\/2026\u003C\/span\u003E\u003C\/div\u003E\n                                \u003C\/div\u003E\n    \u003C\/div\u003E\n\u003C\/div\u003E\n\u003C\/div\u003E\n                    \u003Cdiv class=\u0022col-12 col-sm-6 col-md-4 col-lg-3\u0022\u003E\u003Cdiv class=\u0022objet-touristique teaserintuitiv entity-content new-teaser click-block\u0022 data-id=\u0022ASCBRE000V51K2V1\u0022 data-title=\u0022Green Atmosph\u00e8re Cr\u00e9ations\u0022 data-id-intuitiv=\u0022sit-ASCBRE000V51K2V1\u0022 data-categorie-id=\u0022listing-42\u0022 data-insee=\u002256119\u0022 data-url=\u0022https:\/\/www.baiedequiberon.co.uk\/to-see-to-do\/culture-and-heritage\/workshops-and-art-galleries\/green-atmosphere-creations\u0022\u003E\n    \n    \n    \u003Cdiv class=\u0022content\u0022\u003E\n        \u003Cdiv class=\u0022content-image\u0022\u003E\n            \u003Cdiv class=\u0022image\u0022\u003E\n                    \u003Cpicture\u003E\n                  \u003Csource srcset=\u0022\/sites\/default\/files\/styles\/370x240\/public\/sit\/images\/ASCBRE000V51K2V1\/IMG-3393-1.jpg?h=7905f18b\u0026amp;itok=pCyTcxQf 1x\u0022 media=\u0022(min-width: 992px)\u0022 type=\u0022image\/jpeg\u0022 width=\u0022370\u0022 height=\u0022240\u0022\/\u003E\n              \u003Csource srcset=\u0022\/sites\/default\/files\/styles\/232x170\/public\/sit\/images\/ASCBRE000V51K2V1\/IMG-3393-1.jpg?h=7905f18b\u0026amp;itok=vKD4ecTd 1x\u0022 media=\u0022(min-width: 0)\u0022 type=\u0022image\/jpeg\u0022 width=\u0022232\u0022 height=\u0022170\u0022\/\u003E\n                  \u003Cimg loading=\u0022eager\u0022 width=\u0022232\u0022 height=\u0022170\u0022 src=\u0022\/sites\/default\/files\/styles\/232x170\/public\/sit\/images\/ASCBRE000V51K2V1\/IMG-3393-1.jpg?h=7905f18b\u0026amp;itok=vKD4ecTd\u0022 alt=\u0022IMG_3393-1\u0022 title=\u0022IMG_3393-1\u0022 \/\u003E\n\n  \u003C\/picture\u003E\n\n\n                            \u003C\/div\u003E\n                            \u003Cdiv class=\u0022categorie-parent\u0022\u003EChic, it\u0026#039;s raining\u003C\/div\u003E\n                    \u003C\/div\u003E\n        \u003Cdiv class=\u0022content-text\u0022\u003E\n            \u003Cdiv class=\u0022content-lieu\u0022\u003Ein Locoal-Mendon\u003C\/div\u003E\n            \u003Cdiv class=\u0022title-teaser\u0022\u003E\u003Ca href=\u0022https:\/\/www.baiedequiberon.co.uk\/to-see-to-do\/culture-and-heritage\/workshops-and-art-galleries\/green-atmosphere-creations\u0022 title=\u0022Green Atmosphere Creations\u0022\u003EGreen Atmosphere Creations\u003C\/a\u003E\u003C\/div\u003E\n                                \u003C\/div\u003E\n    \u003C\/div\u003E\n\u003C\/div\u003E\n\u003C\/div\u003E\n                    \u003Cdiv class=\u0022col-12 col-sm-6 col-md-4 col-lg-3\u0022\u003E\u003Cdiv class=\u0022objet-touristique teaserintuitiv entity-content new-teaser click-block\u0022 data-id=\u0022FMABRE056V50DS27\u0022 data-title=\u0022Bugale Da\u00f1s\u0022 data-id-intuitiv=\u0022sit-FMABRE056V50DS27\u0022 data-categorie-id=\u0022listing-4\u0022 data-insee=\u002256119\u0022 data-url=\u0022https:\/\/www.baiedequiberon.co.uk\/to-see-to-do\/agenda\/bugale-dans-1\u0022\u003E\n    \n    \n    \u003Cdiv class=\u0022content\u0022\u003E\n        \u003Cdiv class=\u0022content-image\u0022\u003E\n            \u003Cdiv class=\u0022image\u0022\u003E\n                    \u003Cpicture\u003E\n                  \u003Csource srcset=\u0022\/sites\/default\/files\/styles\/370x240\/public\/sit\/images\/FMABRE056V50DS27\/Bugale-.jpg?h=4c29c9ca\u0026amp;itok=U7NC9yP3 1x\u0022 media=\u0022(min-width: 992px)\u0022 type=\u0022image\/jpeg\u0022 width=\u0022370\u0022 height=\u0022240\u0022\/\u003E\n              \u003Csource srcset=\u0022\/sites\/default\/files\/styles\/232x170\/public\/sit\/images\/FMABRE056V50DS27\/Bugale-.jpg?h=4c29c9ca\u0026amp;itok=VguXMru1 1x\u0022 media=\u0022(min-width: 0)\u0022 type=\u0022image\/jpeg\u0022 width=\u0022232\u0022 height=\u0022170\u0022\/\u003E\n                  \u003Cimg loading=\u0022eager\u0022 width=\u0022232\u0022 height=\u0022170\u0022 src=\u0022\/sites\/default\/files\/styles\/232x170\/public\/sit\/images\/FMABRE056V50DS27\/Bugale-.jpg?h=4c29c9ca\u0026amp;itok=VguXMru1\u0022 alt=\u0022Bugale \u0022 title=\u0022Bugale \u0022 \/\u003E\n\n  \u003C\/picture\u003E\n\n\n                            \u003C\/div\u003E\n                            \u003Cdiv class=\u0022categorie-parent\u0022\u003EAgenda\u003C\/div\u003E\n                    \u003C\/div\u003E\n        \u003Cdiv class=\u0022content-text\u0022\u003E\n            \u003Cdiv class=\u0022content-lieu\u0022\u003Ein Locoal-Mendon\u003C\/div\u003E\n            \u003Cdiv class=\u0022title-teaser\u0022\u003E\u003Ca href=\u0022https:\/\/www.baiedequiberon.co.uk\/to-see-to-do\/agenda\/bugale-dans-1\u0022 title=\u0022Bugale Da\u00f1s\u0022\u003EBugale Da\u00f1s\u003C\/a\u003E\u003C\/div\u003E\n                            \u003Cdiv class=\u0022info-complementaire\u0022\u003EThe  \u003Cspan class=\u0022value\u0022\u003E03\/05\/2026\u003C\/span\u003E\u003C\/div\u003E\n                                \u003C\/div\u003E\n    \u003C\/div\u003E\n\u003C\/div\u003E\n\u003C\/div\u003E\n                    \u003Cdiv class=\u0022col-12 col-sm-6 col-md-4 col-lg-3\u0022\u003E\u003Cdiv class=\u0022objet-touristique teaserintuitiv entity-content new-teaser click-block\u0022 data-id=\u0022FMABRE056V50DS3L\u0022 data-title=\u0022Vide grenier\u0022 data-id-intuitiv=\u0022sit-FMABRE056V50DS3L\u0022 data-categorie-id=\u0022listing-4\u0022 data-insee=\u002256119\u0022 data-url=\u0022https:\/\/www.baiedequiberon.co.uk\/to-see-to-do\/agenda\/flea-market-29\u0022\u003E\n    \n    \n    \u003Cdiv class=\u0022content\u0022\u003E\n        \u003Cdiv class=\u0022content-image\u0022\u003E\n            \u003Cdiv class=\u0022image\u0022\u003E\n                    \u003Cpicture\u003E\n                  \u003Csource srcset=\u0022\/sites\/default\/files\/styles\/370x240\/public\/sit\/images\/FMABRE056V50DS3L\/Troc-et-puces-15.jpg?h=2b50d7f8\u0026amp;itok=uPyeBLNT 1x\u0022 media=\u0022(min-width: 992px)\u0022 type=\u0022image\/jpeg\u0022 width=\u0022370\u0022 height=\u0022240\u0022\/\u003E\n              \u003Csource srcset=\u0022\/sites\/default\/files\/styles\/232x170\/public\/sit\/images\/FMABRE056V50DS3L\/Troc-et-puces-15.jpg?h=2b50d7f8\u0026amp;itok=vucdEvvZ 1x\u0022 media=\u0022(min-width: 0)\u0022 type=\u0022image\/jpeg\u0022 width=\u0022232\u0022 height=\u0022170\u0022\/\u003E\n                  \u003Cimg loading=\u0022eager\u0022 width=\u0022232\u0022 height=\u0022170\u0022 src=\u0022\/sites\/default\/files\/styles\/232x170\/public\/sit\/images\/FMABRE056V50DS3L\/Troc-et-puces-15.jpg?h=2b50d7f8\u0026amp;itok=vucdEvvZ\u0022 alt=\u0022Troc et puces\u0022 title=\u0022Troc et puces\u0022 \/\u003E\n\n  \u003C\/picture\u003E\n\n\n                            \u003C\/div\u003E\n                            \u003Cdiv class=\u0022categorie-parent\u0022\u003EAgenda\u003C\/div\u003E\n                    \u003C\/div\u003E\n        \u003Cdiv class=\u0022content-text\u0022\u003E\n            \u003Cdiv class=\u0022content-lieu\u0022\u003Ein Locoal-Mendon\u003C\/div\u003E\n            \u003Cdiv class=\u0022title-teaser\u0022\u003E\u003Ca href=\u0022https:\/\/www.baiedequiberon.co.uk\/to-see-to-do\/agenda\/flea-market-29\u0022 title=\u0022Flea market\u0022\u003EFlea market\u003C\/a\u003E\u003C\/div\u003E\n                            \u003Cdiv class=\u0022info-complementaire\u0022\u003EThe  \u003Cspan class=\u0022value\u0022\u003E10\/05\/2026\u003C\/span\u003E\u003C\/div\u003E\n                                \u003C\/div\u003E\n    \u003C\/div\u003E\n\u003C\/div\u003E\n\u003C\/div\u003E\n                    \u003Cdiv class=\u0022col-12 col-sm-6 col-md-4 col-lg-3\u0022\u003E\u003Cdiv class=\u0022objet-touristique teaserintuitiv entity-content new-teaser click-block\u0022 data-id=\u0022FMABRE056V50DS4I\u0022 data-title=\u0022Soir\u00e9e 100% femme\u0022 data-id-intuitiv=\u0022sit-FMABRE056V50DS4I\u0022 data-categorie-id=\u0022listing-4\u0022 data-insee=\u002256119\u0022 data-url=\u0022https:\/\/www.baiedequiberon.co.uk\/to-see-to-do\/agenda\/100-women-s-evening\u0022\u003E\n    \n    \n    \u003Cdiv class=\u0022content\u0022\u003E\n        \u003Cdiv class=\u0022content-image\u0022\u003E\n            \u003Cdiv class=\u0022image\u0022\u003E\n                    \u003Cpicture\u003E\n                  \u003Csource srcset=\u0022\/sites\/default\/files\/styles\/370x240\/public\/sit\/images\/FMABRE056V50DS4I\/Soiree-100--femmes.jpg?h=6c63b046\u0026amp;itok=Bqv_TrGE 1x\u0022 media=\u0022(min-width: 992px)\u0022 type=\u0022image\/jpeg\u0022 width=\u0022370\u0022 height=\u0022240\u0022\/\u003E\n              \u003Csource srcset=\u0022\/sites\/default\/files\/styles\/232x170\/public\/sit\/images\/FMABRE056V50DS4I\/Soiree-100--femmes.jpg?h=6c63b046\u0026amp;itok=KaO5LZCg 1x\u0022 media=\u0022(min-width: 0)\u0022 type=\u0022image\/jpeg\u0022 width=\u0022232\u0022 height=\u0022170\u0022\/\u003E\n                  \u003Cimg loading=\u0022eager\u0022 width=\u0022232\u0022 height=\u0022170\u0022 src=\u0022\/sites\/default\/files\/styles\/232x170\/public\/sit\/images\/FMABRE056V50DS4I\/Soiree-100--femmes.jpg?h=6c63b046\u0026amp;itok=KaO5LZCg\u0022 alt=\u0022Soir\u00e9e 100% femmes\u0022 title=\u0022Soir\u00e9e 100% femmes\u0022 \/\u003E\n\n  \u003C\/picture\u003E\n\n\n                            \u003C\/div\u003E\n                            \u003Cdiv class=\u0022categorie-parent\u0022\u003EAgenda\u003C\/div\u003E\n                    \u003C\/div\u003E\n        \u003Cdiv class=\u0022content-text\u0022\u003E\n            \u003Cdiv class=\u0022content-lieu\u0022\u003Ein Locoal-Mendon\u003C\/div\u003E\n            \u003Cdiv class=\u0022title-teaser\u0022\u003E\u003Ca href=\u0022https:\/\/www.baiedequiberon.co.uk\/to-see-to-do\/agenda\/100-women-s-evening\u0022 title=\u0022100% women\u0026#039;s evening\u0022\u003E100% women\u0026#039;s evening\u003C\/a\u003E\u003C\/div\u003E\n                            \u003Cdiv class=\u0022info-complementaire\u0022\u003EThe  \u003Cspan class=\u0022value\u0022\u003E16\/05\/2026\u003C\/span\u003E\u003C\/div\u003E\n                                \u003C\/div\u003E\n    \u003C\/div\u003E\n\u003C\/div\u003E\n\u003C\/div\u003E\n                    \u003Cdiv class=\u0022col-12 col-sm-6 col-md-4 col-lg-3\u0022\u003E\u003Cdiv class=\u0022objet-touristique teaserintuitiv entity-content new-teaser click-block\u0022 data-id=\u0022HLOdb5d612024eb4\u0022 data-title=\u0022L\u0026#039;Arbre Voyageur\u0022 data-id-intuitiv=\u0022sit-HLOdb5d612024eb4\u0022 data-categorie-id=\u0022listing-10\u0022 data-insee=\u002256119\u0022 data-url=\u0022https:\/\/www.baiedequiberon.co.uk\/preparing-your-stay-in-quiberon-bay\/where-to-spend-the-night\/bed-and-breakfast\/l-arbre-voyageur\u0022\u003E\n    \n    \n    \u003Cdiv class=\u0022content\u0022\u003E\n        \u003Cdiv class=\u0022content-image\u0022\u003E\n            \u003Cdiv class=\u0022image\u0022\u003E\n                    \u003Cpicture\u003E\n                  \u003Csource srcset=\u0022\/sites\/default\/files\/styles\/370x240\/public\/sit\/images\/HLOdb5d612024eb4\/056CH000076-l-arbre-Voyageur-chambres-d-hotes-facade-maison-cote-sud-2.jpg?h=199d8c1f\u0026amp;itok=fRLYEkYr 1x\u0022 media=\u0022(min-width: 992px)\u0022 type=\u0022image\/jpeg\u0022 width=\u0022370\u0022 height=\u0022240\u0022\/\u003E\n              \u003Csource srcset=\u0022\/sites\/default\/files\/styles\/232x170\/public\/sit\/images\/HLOdb5d612024eb4\/056CH000076-l-arbre-Voyageur-chambres-d-hotes-facade-maison-cote-sud-2.jpg?h=199d8c1f\u0026amp;itok=4GSDRPqc 1x\u0022 media=\u0022(min-width: 0)\u0022 type=\u0022image\/jpeg\u0022 width=\u0022232\u0022 height=\u0022170\u0022\/\u003E\n                  \u003Cimg loading=\u0022eager\u0022 width=\u0022232\u0022 height=\u0022170\u0022 src=\u0022\/sites\/default\/files\/styles\/232x170\/public\/sit\/images\/HLOdb5d612024eb4\/056CH000076-l-arbre-Voyageur-chambres-d-hotes-facade-maison-cote-sud-2.jpg?h=199d8c1f\u0026amp;itok=4GSDRPqc\u0022 alt=\u0022056CH000076_l\u0026#039;arbre Voyageur chambres d\u0026#039;h\u00f4tes_fa\u00e7ade maison c\u00f4te sud\u0022 title=\u0022056CH000076_l\u0026#039;arbre Voyageur chambres d\u0026#039;h\u00f4tes_fa\u00e7ade maison c\u00f4te sud\u0022 \/\u003E\n\n  \u003C\/picture\u003E\n\n\n                            \u003C\/div\u003E\n                            \u003Cdiv class=\u0022categorie-parent\u0022\u003EBed and Breakfast\u003C\/div\u003E\n                    \u003C\/div\u003E\n        \u003Cdiv class=\u0022content-text\u0022\u003E\n            \u003Cdiv class=\u0022content-lieu\u0022\u003Ein Locoal-Mendon\u003C\/div\u003E\n            \u003Cdiv class=\u0022title-teaser\u0022\u003E\u003Ca href=\u0022https:\/\/www.baiedequiberon.co.uk\/preparing-your-stay-in-quiberon-bay\/where-to-spend-the-night\/bed-and-breakfast\/l-arbre-voyageur\u0022 title=\u0022L\u0026#039;Arbre Voyageur\u0022\u003EL\u0026#039;Arbre Voyageur\u003C\/a\u003E\u003C\/div\u003E\n                                \u003C\/div\u003E\n    \u003C\/div\u003E\n\u003C\/div\u003E\n\u003C\/div\u003E\n                    \u003Cdiv class=\u0022col-12 col-sm-6 col-md-4 col-lg-3\u0022\u003E\u003Cdiv class=\u0022objet-touristique teaserintuitiv entity-content new-teaser click-block\u0022 data-id=\u0022ORG58a9f8c096da4\u0022 data-title=\u0022Cidrerie du Pays d\u0026#039;Auray\u0022 data-id-intuitiv=\u0022sit-ORG58a9f8c096da4\u0022 data-categorie-id=\u0022listing-33\u0022 data-insee=\u002256119\u0022 data-url=\u0022https:\/\/www.baiedequiberon.co.uk\/to-see-to-do\/chic-it-s-raining\/cidrerie-du-pays-d-auray\u0022\u003E\n    \n    \n    \u003Cdiv class=\u0022content\u0022\u003E\n        \u003Cdiv class=\u0022content-image\u0022\u003E\n            \u003Cdiv class=\u0022image\u0022\u003E\n                    \u003Cpicture\u003E\n                  \u003Csource srcset=\u0022\/sites\/default\/files\/styles\/370x240\/public\/sit\/images\/ORG58a9f8c096da4\/cidre-maho--12--resized.jpg?h=199d8c1f\u0026amp;itok=7OeH42N4 1x\u0022 media=\u0022(min-width: 992px)\u0022 type=\u0022image\/jpeg\u0022 width=\u0022370\u0022 height=\u0022240\u0022\/\u003E\n              \u003Csource srcset=\u0022\/sites\/default\/files\/styles\/232x170\/public\/sit\/images\/ORG58a9f8c096da4\/cidre-maho--12--resized.jpg?h=199d8c1f\u0026amp;itok=J3uSSV8W 1x\u0022 media=\u0022(min-width: 0)\u0022 type=\u0022image\/jpeg\u0022 width=\u0022232\u0022 height=\u0022170\u0022\/\u003E\n                  \u003Cimg loading=\u0022eager\u0022 width=\u0022232\u0022 height=\u0022170\u0022 src=\u0022\/sites\/default\/files\/styles\/232x170\/public\/sit\/images\/ORG58a9f8c096da4\/cidre-maho--12--resized.jpg?h=199d8c1f\u0026amp;itok=J3uSSV8W\u0022 alt=\u0022Cidrerie du Pays d\u0026#039;Auray - Les Vergers - Locoal Mendon - Morbihan Sud\u0022 title=\u0022Cidrerie du Pays d\u0026#039;Auray - Les Vergers - Locoal Mendon - Morbihan Sud\u0022 \/\u003E\n\n  \u003C\/picture\u003E\n\n\n                            \u003C\/div\u003E\n                            \u003Cdiv class=\u0022categorie-parent\u0022\u003ELocal producers\u003C\/div\u003E\n                    \u003C\/div\u003E\n        \u003Cdiv class=\u0022content-text\u0022\u003E\n            \u003Cdiv class=\u0022content-lieu\u0022\u003Ein Locoal-Mendon\u003C\/div\u003E\n            \u003Cdiv class=\u0022title-teaser\u0022\u003E\u003Ca href=\u0022https:\/\/www.baiedequiberon.co.uk\/to-see-to-do\/chic-it-s-raining\/cidrerie-du-pays-d-auray\u0022 title=\u0022Cidrerie du Pays d\u0026#039;Auray\u0022\u003ECidrerie du Pays d\u0026#039;Auray\u003C\/a\u003E\u003C\/div\u003E\n                                \u003C\/div\u003E\n    \u003C\/div\u003E\n\u003C\/div\u003E\n\u003C\/div\u003E\n                    \u003Cdiv class=\u0022col-12 col-sm-6 col-md-4 col-lg-3\u0022\u003E\u003Cdiv class=\u0022objet-touristique teaserintuitiv entity-content new-teaser click-block\u0022 data-id=\u0022FMABRE056V50DS9J\u0022 data-title=\u0022Balade en main \u00e0 poney ou \u00e0 cheval\u0022 data-id-intuitiv=\u0022sit-FMABRE056V50DS9J\u0022 data-categorie-id=\u0022listing-4\u0022 data-insee=\u002256119\u0022 data-url=\u0022https:\/\/www.baiedequiberon.co.uk\/to-see-to-do\/agenda\/hand-held-pony-or-horse-rides-2\u0022\u003E\n    \n    \n    \u003Cdiv class=\u0022content\u0022\u003E\n        \u003Cdiv class=\u0022content-image\u0022\u003E\n            \u003Cdiv class=\u0022image\u0022\u003E\n                    \u003Cpicture\u003E\n                  \u003Csource srcset=\u0022\/sites\/default\/files\/styles\/370x240\/public\/sit\/images\/FMABRE056V50DS9J\/IMG-20210424-WA0005-14.jpg?h=0ecd2519\u0026amp;itok=k1slEsen 1x\u0022 media=\u0022(min-width: 992px)\u0022 type=\u0022image\/jpeg\u0022 width=\u0022370\u0022 height=\u0022240\u0022\/\u003E\n              \u003Csource srcset=\u0022\/sites\/default\/files\/styles\/232x170\/public\/sit\/images\/FMABRE056V50DS9J\/IMG-20210424-WA0005-14.jpg?h=0ecd2519\u0026amp;itok=8J5KZlJJ 1x\u0022 media=\u0022(min-width: 0)\u0022 type=\u0022image\/jpeg\u0022 width=\u0022232\u0022 height=\u0022170\u0022\/\u003E\n                  \u003Cimg loading=\u0022eager\u0022 width=\u0022232\u0022 height=\u0022170\u0022 src=\u0022\/sites\/default\/files\/styles\/232x170\/public\/sit\/images\/FMABRE056V50DS9J\/IMG-20210424-WA0005-14.jpg?h=0ecd2519\u0026amp;itok=8J5KZlJJ\u0022 alt=\u0022IMG-20210424-WA0005\u0022 title=\u0022IMG-20210424-WA0005\u0022 \/\u003E\n\n  \u003C\/picture\u003E\n\n\n                            \u003C\/div\u003E\n                            \u003Cdiv class=\u0022categorie-parent\u0022\u003EAgenda\u003C\/div\u003E\n                    \u003C\/div\u003E\n        \u003Cdiv class=\u0022content-text\u0022\u003E\n            \u003Cdiv class=\u0022content-lieu\u0022\u003Ein Locoal-Mendon\u003C\/div\u003E\n            \u003Cdiv class=\u0022title-teaser\u0022\u003E\u003Ca href=\u0022https:\/\/www.baiedequiberon.co.uk\/to-see-to-do\/agenda\/hand-held-pony-or-horse-rides-2\u0022 title=\u0022Hand-held pony or horse rides\u0022\u003EHand-held pony or horse rides\u003C\/a\u003E\u003C\/div\u003E\n                            \u003Cdiv class=\u0022info-complementaire\u0022\u003EFrom  \u003Cspan class=\u0022value\u0022\u003E04\/05\/2026\u003C\/span\u003E\u003C\/div\u003E\n                                \u003C\/div\u003E\n    \u003C\/div\u003E\n\u003C\/div\u003E\n\u003C\/div\u003E\n                    \u003Cdiv class=\u0022col-12 col-sm-6 col-md-4 col-lg-3\u0022\u003E\u003Cdiv class=\u0022objet-touristique teaserintuitiv entity-content new-teaser click-block\u0022 data-id=\u0022FMABRE056V50DS9K\u0022 data-title=\u0022Atelier b\u00e9b\u00e9 fermier\u0022 data-id-intuitiv=\u0022sit-FMABRE056V50DS9K\u0022 data-categorie-id=\u0022listing-4\u0022 data-insee=\u002256119\u0022 data-url=\u0022https:\/\/www.baiedequiberon.co.uk\/to-see-to-do\/agenda\/baby-farmer-workshop-2\u0022\u003E\n    \n    \n    \u003Cdiv class=\u0022content\u0022\u003E\n        \u003Cdiv class=\u0022content-image\u0022\u003E\n            \u003Cdiv class=\u0022image\u0022\u003E\n                    \u003Cpicture\u003E\n                  \u003Csource srcset=\u0022\/sites\/default\/files\/styles\/370x240\/public\/sit\/images\/FMABRE056V50DS9K\/20250521-113008-5.jpg?h=ddb1ad0c\u0026amp;itok=QmHzVmuL 1x\u0022 media=\u0022(min-width: 992px)\u0022 type=\u0022image\/jpeg\u0022 width=\u0022370\u0022 height=\u0022240\u0022\/\u003E\n              \u003Csource srcset=\u0022\/sites\/default\/files\/styles\/232x170\/public\/sit\/images\/FMABRE056V50DS9K\/20250521-113008-5.jpg?h=ddb1ad0c\u0026amp;itok=KSeXif6D 1x\u0022 media=\u0022(min-width: 0)\u0022 type=\u0022image\/jpeg\u0022 width=\u0022232\u0022 height=\u0022170\u0022\/\u003E\n                  \u003Cimg loading=\u0022eager\u0022 width=\u0022232\u0022 height=\u0022170\u0022 src=\u0022\/sites\/default\/files\/styles\/232x170\/public\/sit\/images\/FMABRE056V50DS9K\/20250521-113008-5.jpg?h=ddb1ad0c\u0026amp;itok=KSeXif6D\u0022 alt=\u002220250521_113008\u0022 title=\u002220250521_113008\u0022 \/\u003E\n\n  \u003C\/picture\u003E\n\n\n                            \u003C\/div\u003E\n                            \u003Cdiv class=\u0022categorie-parent\u0022\u003EAgenda\u003C\/div\u003E\n                    \u003C\/div\u003E\n        \u003Cdiv class=\u0022content-text\u0022\u003E\n            \u003Cdiv class=\u0022content-lieu\u0022\u003Ein Locoal-Mendon\u003C\/div\u003E\n            \u003Cdiv class=\u0022title-teaser\u0022\u003E\u003Ca href=\u0022https:\/\/www.baiedequiberon.co.uk\/to-see-to-do\/agenda\/baby-farmer-workshop-2\u0022 title=\u0022Baby farmer workshop\u0022\u003EBaby farmer workshop\u003C\/a\u003E\u003C\/div\u003E\n                            \u003Cdiv class=\u0022info-complementaire\u0022\u003EFrom  \u003Cspan class=\u0022value\u0022\u003E04\/05\/2026\u003C\/span\u003E\u003C\/div\u003E\n                                \u003C\/div\u003E\n    \u003C\/div\u003E\n\u003C\/div\u003E\n\u003C\/div\u003E\n                    \u003Cdiv class=\u0022col-12 col-sm-6 col-md-4 col-lg-3\u0022\u003E\u003Cdiv class=\u0022objet-touristique teaserintuitiv entity-content new-teaser click-block\u0022 data-id=\u0022ORGBRE056V50007H\u0022 data-title=\u0022La Ferme du Park\u0022 data-id-intuitiv=\u0022sit-ORGBRE056V50007H\u0022 data-categorie-id=\u0022listing-33\u0022 data-insee=\u002256119\u0022 data-url=\u0022https:\/\/www.baiedequiberon.co.uk\/preparing-your-stay-in-quiberon-bay\/where-to-eat\/local-producers\/la-ferme-du-park\u0022\u003E\n    \n    \n    \u003Cdiv class=\u0022content\u0022\u003E\n        \u003Cdiv class=\u0022content-image\u0022\u003E\n            \u003Cdiv class=\u0022image\u0022\u003E\n                    \u003Cpicture\u003E\n                  \u003Csource srcset=\u0022\/sites\/default\/files\/styles\/370x240\/public\/sit\/images\/ORGBRE056V50007H\/logo-Ferme-du-Park-rond.jpg?h=05132263\u0026amp;itok=UNGeNXoX 1x\u0022 media=\u0022(min-width: 992px)\u0022 type=\u0022image\/jpeg\u0022 width=\u0022370\u0022 height=\u0022240\u0022\/\u003E\n              \u003Csource srcset=\u0022\/sites\/default\/files\/styles\/232x170\/public\/sit\/images\/ORGBRE056V50007H\/logo-Ferme-du-Park-rond.jpg?h=05132263\u0026amp;itok=wpJbSfWE 1x\u0022 media=\u0022(min-width: 0)\u0022 type=\u0022image\/jpeg\u0022 width=\u0022232\u0022 height=\u0022170\u0022\/\u003E\n                  \u003Cimg loading=\u0022eager\u0022 width=\u0022232\u0022 height=\u0022170\u0022 src=\u0022\/sites\/default\/files\/styles\/232x170\/public\/sit\/images\/ORGBRE056V50007H\/logo-Ferme-du-Park-rond.jpg?h=05132263\u0026amp;itok=wpJbSfWE\u0022 alt=\u0022logo Ferme du Park rond\u0022 title=\u0022logo Ferme du Park rond\u0022 \/\u003E\n\n  \u003C\/picture\u003E\n\n\n                            \u003C\/div\u003E\n                            \u003Cdiv class=\u0022categorie-parent\u0022\u003ELocal producers\u003C\/div\u003E\n                    \u003C\/div\u003E\n        \u003Cdiv class=\u0022content-text\u0022\u003E\n            \u003Cdiv class=\u0022content-lieu\u0022\u003Ein Locoal-Mendon\u003C\/div\u003E\n            \u003Cdiv class=\u0022title-teaser\u0022\u003E\u003Ca href=\u0022https:\/\/www.baiedequiberon.co.uk\/preparing-your-stay-in-quiberon-bay\/where-to-eat\/local-producers\/la-ferme-du-park\u0022 title=\u0022La Ferme du Park\u0022\u003ELa Ferme du Park\u003C\/a\u003E\u003C\/div\u003E\n                                \u003C\/div\u003E\n    \u003C\/div\u003E\n\u003C\/div\u003E\n\u003C\/div\u003E\n                    \u003Cdiv class=\u0022col-12 col-sm-6 col-md-4 col-lg-3\u0022\u003E\u003Cdiv class=\u0022objet-touristique teaserintuitiv entity-content new-teaser click-block\u0022 data-id=\u0022ORGBRE056V50D468\u0022 data-title=\u0022Chocolaterie Esp\u00e8ce de Ganache\u0022 data-id-intuitiv=\u0022sit-ORGBRE056V50D468\u0022 data-categorie-id=\u0022listing-33\u0022 data-insee=\u002256119\u0022 data-url=\u0022https:\/\/www.baiedequiberon.co.uk\/preparing-your-stay-in-quiberon-bay\/where-to-eat\/local-producers\/chocolaterie-espece-de-ganache\u0022\u003E\n    \n    \n    \u003Cdiv class=\u0022content\u0022\u003E\n        \u003Cdiv class=\u0022content-image\u0022\u003E\n            \u003Cdiv class=\u0022image\u0022\u003E\n                    \u003Cpicture\u003E\n                  \u003Csource srcset=\u0022\/sites\/default\/files\/styles\/370x240\/public\/sit\/images\/ORGBRE056V50D468\/logo-espece-de-ganache-fond-blanc.jpg?h=c49fb5e6\u0026amp;itok=L9gr6uTN 1x\u0022 media=\u0022(min-width: 992px)\u0022 type=\u0022image\/jpeg\u0022 width=\u0022370\u0022 height=\u0022240\u0022\/\u003E\n              \u003Csource srcset=\u0022\/sites\/default\/files\/styles\/232x170\/public\/sit\/images\/ORGBRE056V50D468\/logo-espece-de-ganache-fond-blanc.jpg?h=c49fb5e6\u0026amp;itok=2GvXs-YD 1x\u0022 media=\u0022(min-width: 0)\u0022 type=\u0022image\/jpeg\u0022 width=\u0022232\u0022 height=\u0022170\u0022\/\u003E\n                  \u003Cimg loading=\u0022eager\u0022 width=\u0022232\u0022 height=\u0022170\u0022 src=\u0022\/sites\/default\/files\/styles\/232x170\/public\/sit\/images\/ORGBRE056V50D468\/logo-espece-de-ganache-fond-blanc.jpg?h=c49fb5e6\u0026amp;itok=2GvXs-YD\u0022 alt=\u0022Logo Esp\u00e8ce de Ganache\u0022 title=\u0022Logo Esp\u00e8ce de Ganache\u0022 \/\u003E\n\n  \u003C\/picture\u003E\n\n\n                            \u003C\/div\u003E\n                            \u003Cdiv class=\u0022categorie-parent\u0022\u003ELocal producers\u003C\/div\u003E\n                    \u003C\/div\u003E\n        \u003Cdiv class=\u0022content-text\u0022\u003E\n            \u003Cdiv class=\u0022content-lieu\u0022\u003Ein Locoal-Mendon\u003C\/div\u003E\n            \u003Cdiv class=\u0022title-teaser\u0022\u003E\u003Ca href=\u0022https:\/\/www.baiedequiberon.co.uk\/preparing-your-stay-in-quiberon-bay\/where-to-eat\/local-producers\/chocolaterie-espece-de-ganache\u0022 title=\u0022Chocolaterie Esp\u00e8ce de Ganache\u0022\u003EChocolaterie Esp\u00e8ce de Ganache\u003C\/a\u003E\u003C\/div\u003E\n                                \u003C\/div\u003E\n    \u003C\/div\u003E\n\u003C\/div\u003E\n\u003C\/div\u003E\n            \u003C\/div\u003E\n\u003C\/div\u003E\n","settings":null},{"command":"insert","method":"html","selector":"#wrapper-more","data":"\u003Cdiv id=\u0022wrapper-more\u0022 class=\u0022action\u0022\u003E\n  \u003Ca rel=\u0022nofollow\u0022 href=\u0022\/suggestions\/locoal mendon \/2\/ajax\u0022 class=\u0022bt-refresh use-ajax\u0022 title=\u0022Show more\u0022\u003EShow more\u003C\/a\u003E\n\u003C\/div\u003E\n","settings":null}]